{"id":12841,"date":"2023-10-10T10:05:38","date_gmt":"2023-10-10T08:05:38","guid":{"rendered":"http:\/\/isd.debrecen.baribal.hu\/a-deep-dive-into-student-agency-at-the-ib-global-conference\/"},"modified":"2023-12-19T17:47:33","modified_gmt":"2023-12-19T16:47:33","slug":"tanuloi-aktivitas-es-autonomia","status":"publish","type":"post","link":"https:\/\/isd.debrecen.hu\/hu\/tanuloi-aktivitas-es-autonomia\/","title":{"rendered":"Tanul\u00f3i aktivit\u00e1s \u00e9s auton\u00f3mia a dublini IB konferenci\u00e1n"},"content":{"rendered":"[vc_row type=&#8221;in_container&#8221; full_screen_row_position=&#8221;middle&#8221; column_margin=&#8221;default&#8221; column_direction=&#8221;default&#8221; column_direction_tablet=&#8221;default&#8221; column_direction_phone=&#8221;default&#8221; scene_position=&#8221;center&#8221; text_color=&#8221;dark&#8221; text_align=&#8221;left&#8221; row_border_radius=&#8221;none&#8221; row_border_radius_applies=&#8221;bg&#8221; overlay_strength=&#8221;0.3&#8243; gradient_direction=&#8221;left_to_right&#8221; shape_divider_position=&#8221;bottom&#8221; bg_image_animation=&#8221;none&#8221;][vc_column column_padding=&#8221;no-extra-padding&#8221; column_padding_tablet=&#8221;inherit&#8221; column_padding_phone=&#8221;inherit&#8221; column_padding_position=&#8221;all&#8221; column_element_spacing=&#8221;default&#8221; background_color_opacity=&#8221;1&#8243; background_hover_color_opacity=&#8221;1&#8243; column_shadow=&#8221;none&#8221; column_border_radius=&#8221;none&#8221; column_link_target=&#8221;_self&#8221; gradient_direction=&#8221;left_to_right&#8221; overlay_strength=&#8221;0.3&#8243; width=&#8221;1\/1&#8243; tablet_width_inherit=&#8221;default&#8221; tablet_text_alignment=&#8221;default&#8221; phone_text_alignment=&#8221;default&#8221; bg_image_animation=&#8221;none&#8221; border_type=&#8221;simple&#8221; column_border_width=&#8221;none&#8221; column_border_style=&#8221;solid&#8221;][vc_column_text]2023. okt\u00f3ber 8-\u00e1n Dublin a vil\u00e1g minden t\u00e1j\u00e1r\u00f3l \u00e9rkezett szenved\u00e9lyes pedag\u00f3gusokat \u00e9s adminisztr\u00e1torokat l\u00e1tott vend\u00e9g\u00fcl az IB Glob\u00e1lis Konferenci\u00e1n \u00e9s a Heads World konferenci\u00e1n. E nagyra becs\u00fclt szakemberek k\u00f6z\u00f6tt Molly Mosier, iskol\u00e1nk MYP koordin\u00e1tora adott el\u0151.<br \/>\n<img loading=\"lazy\" decoding=\"async\" class=\"aligncenter size-full wp-image-11191\" src=\"https:\/\/isd.debrecen.hu\/wp-content\/uploads\/2023\/10\/molly-742x1024-1.jpeg\" alt=\"\" width=\"742\" height=\"1024\" srcset=\"https:\/\/isd.debrecen.hu\/wp-content\/uploads\/2023\/10\/molly-742x1024-1.jpeg 742w, https:\/\/isd.debrecen.hu\/wp-content\/uploads\/2023\/10\/molly-742x1024-1-217x300.jpeg 217w\" sizes=\"auto, (max-width: 742px) 100vw, 742px\" \/><\/p>\n<p>A \u201cStudent Agency in the MYP\u201d c\u00edm\u0171 el\u0151ad\u00e1sa betekint\u00e9st ny\u00fajtott annak fontoss\u00e1g\u00e1ba, hogy a MYP tanterv minden aspektus\u00e1ba be\u00e1gyazzuk a cselekv\u00e9s lehet\u0151s\u00e9g\u00e9t, legyen sz\u00f3 ak\u00e1r \u00edr\u00e1sbeli, ak\u00e1r tan\u00edt\u00e1si, ak\u00e1r \u00e9rt\u00e9kel\u00e9si feladatokr\u00f3l. Az ilyen lehet\u0151s\u00e9gek biztos\u00edt\u00e1s\u00e1val a di\u00e1kok olyan eszk\u00f6z\u00f6ket kapnak, amelyek seg\u00edts\u00e9g\u00e9vel alapvet\u0151 k\u00e9szs\u00e9geket fejleszthetnek \u00e9s ir\u00e1ny\u00edthatj\u00e1k saj\u00e1t tanul\u00e1sukat.<\/p>\n<p>Mihez vezet egy ilyen di\u00e1kk\u00f6zpont\u00fa megk\u00f6zel\u00edt\u00e9s? Az lehet\u0151s\u00e9gekben gazdag oktat\u00f3i k\u00f6rnyezet biztos\u00edtja, hogy a tanul\u00f3k j\u00f3l felk\u00e9sz\u00fcltek legyenek a 10. oszt\u00e1lyra, amikor szem\u00e9lyes projektj\u00fck\u00f6n kezdenek el dolgozni, amely jelent\u0151s m\u00e9rf\u00f6ldk\u00f6vet jelent a MYP \u00fatjukon, \u00e9s szil\u00e1rd alapot teremt a diplomaprogramba val\u00f3 \u00e1tmenethez.<\/p>\n<p>Az ISD-n\u00e9l a di\u00e1kok holisztikus fejl\u0151d\u00e9se ir\u00e1nti elk\u00f6telezetts\u00e9g mindig is priorit\u00e1st \u00e9lvezett. Molly el\u0151ad\u00e1sa ezen a rangos platformon meger\u0151s\u00edti az ISD elk\u00f6telezetts\u00e9g\u00e9t a j\u00f6v\u0151 vezet\u0151inek nevel\u00e9se ir\u00e1nt, akik proakt\u00edvak \u00e9s k\u00e9pzettek, \u00e9s ami a legfontosabb elhivatottak a tanul\u00e1s ir\u00e1nt.[\/vc_column_text][\/vc_column][\/vc_row]\n","protected":false},"excerpt":{"rendered":"<p>[vc_row type=&#8221;in_container&#8221; full_screen_row_position=&#8221;middle&#8221; column_margin=&#8221;default&#8221; column_direction=&#8221;default&#8221; column_direction_tablet=&#8221;default&#8221; column_direction_phone=&#8221;default&#8221; scene_position=&#8221;center&#8221; text_color=&#8221;dark&#8221; text_align=&#8221;left&#8221; row_border_radius=&#8221;none&#8221; row_border_radius_applies=&#8221;bg&#8221; overlay_strength=&#8221;0.3&#8243; gradient_direction=&#8221;left_to_right&#8221; shape_divider_position=&#8221;bottom&#8221; bg_image_animation=&#8221;none&#8221;][vc_column column_padding=&#8221;no-extra-padding&#8221; column_padding_tablet=&#8221;inherit&#8221; column_padding_phone=&#8221;inherit&#8221; column_padding_position=&#8221;all&#8221; column_element_spacing=&#8221;default&#8221; background_color_opacity=&#8221;1&#8243; background_hover_color_opacity=&#8221;1&#8243; column_shadow=&#8221;none&#8221; column_border_radius=&#8221;none&#8221; column_link_target=&#8221;_self&#8221; gradient_direction=&#8221;left_to_right&#8221; overlay_strength=&#8221;0.3&#8243; width=&#8221;1\/1&#8243; tablet_width_inherit=&#8221;default&#8221;&#8230;<\/p>\n","protected":false},"author":2,"featured_media":11191,"comment_status":"closed","ping_status":"closed","sticky":false,"template":"","format":"standard","meta":{"footnotes":""},"categories":[42,44],"tags":[],"class_list":{"0":"post-12841","1":"post","2":"type-post","3":"status-publish","4":"format-standard","5":"has-post-thumbnail","7":"category-gimnazium","8":"category-kozepiskola"},"yoast_head":"<!-- This site is optimized with the Yoast SEO plugin v28.3 - https:\/\/yoast.com\/product\/yoast-seo-wordpress\/ -->\n<title>Tanul\u00f3i aktivit\u00e1s \u00e9s auton\u00f3mia a dublini IB konferenci\u00e1n &#8212; ISD<\/title>\n<meta name=\"robots\" content=\"index, follow, max-snippet:-1, max-image-preview:large, max-video-preview:-1\" \/>\n<link rel=\"canonical\" href=\"https:\/\/isd.debrecen.hu\/hu\/tanuloi-aktivitas-es-autonomia\/\" \/>\n<meta property=\"og:locale\" content=\"hu_HU\" \/>\n<meta property=\"og:type\" content=\"article\" \/>\n<meta property=\"og:title\" content=\"Tanul\u00f3i aktivit\u00e1s \u00e9s auton\u00f3mia a dublini IB konferenci\u00e1n &#8212; ISD\" \/>\n<meta property=\"og:description\" content=\"[vc_row type=&#8221;in_container&#8221; full_screen_row_position=&#8221;middle&#8221; column_margin=&#8221;default&#8221; column_direction=&#8221;default&#8221; column_direction_tablet=&#8221;default&#8221; column_direction_phone=&#8221;default&#8221; scene_position=&#8221;center&#8221; text_color=&#8221;dark&#8221; text_align=&#8221;left&#8221; row_border_radius=&#8221;none&#8221; row_border_radius_applies=&#8221;bg&#8221; overlay_strength=&#8221;0.3&#8243; gradient_direction=&#8221;left_to_right&#8221; shape_divider_position=&#8221;bottom&#8221; bg_image_animation=&#8221;none&#8221;][vc_column column_padding=&#8221;no-extra-padding&#8221; column_padding_tablet=&#8221;inherit&#8221; column_padding_phone=&#8221;inherit&#8221; column_padding_position=&#8221;all&#8221; column_element_spacing=&#8221;default&#8221; background_color_opacity=&#8221;1&#8243; background_hover_color_opacity=&#8221;1&#8243; column_shadow=&#8221;none&#8221; column_border_radius=&#8221;none&#8221; column_link_target=&#8221;_self&#8221; gradient_direction=&#8221;left_to_right&#8221; overlay_strength=&#8221;0.3&#8243; width=&#8221;1\/1&#8243; tablet_width_inherit=&#8221;default&#8221;...\" \/>\n<meta property=\"og:url\" content=\"https:\/\/isd.debrecen.hu\/hu\/tanuloi-aktivitas-es-autonomia\/\" \/>\n<meta property=\"og:site_name\" content=\"ISD\" \/>\n<meta property=\"article:publisher\" content=\"https:\/\/www.facebook.com\/internationalschoolofdebrecen\/\" \/>\n<meta property=\"article:published_time\" content=\"2023-10-10T08:05:38+00:00\" \/>\n<meta property=\"article:modified_time\" content=\"2023-12-19T16:47:33+00:00\" \/>\n<meta property=\"og:image\" content=\"https:\/\/isd.debrecen.hu\/wp-content\/uploads\/2023\/10\/molly-742x1024-1.jpeg\" \/>\n\t<meta property=\"og:image:width\" content=\"742\" \/>\n\t<meta property=\"og:image:height\" content=\"1024\" \/>\n\t<meta property=\"og:image:type\" content=\"image\/jpeg\" \/>\n<meta name=\"author\" content=\"ISD\" \/>\n<meta name=\"twitter:label1\" content=\"Szerz\u0151:\" \/>\n\t<meta name=\"twitter:data1\" content=\"ISD\" \/>\n\t<meta name=\"twitter:label2\" content=\"Becs\u00fclt olvas\u00e1si id\u0151\" \/>\n\t<meta name=\"twitter:data2\" content=\"2 perc\" \/>\n<script type=\"application\/ld+json\" class=\"yoast-schema-graph\">{\"@context\":\"https:\\\/\\\/schema.org\",\"@graph\":[{\"@type\":\"Article\",\"@id\":\"https:\\\/\\\/isd.debrecen.hu\\\/hu\\\/tanuloi-aktivitas-es-autonomia\\\/#article\",\"isPartOf\":{\"@id\":\"https:\\\/\\\/isd.debrecen.hu\\\/hu\\\/tanuloi-aktivitas-es-autonomia\\\/\"},\"author\":{\"name\":\"ISD\",\"@id\":\"https:\\\/\\\/isd.debrecen.hu\\\/hu\\\/#\\\/schema\\\/person\\\/ef53f2a82a8d46366d060bc23095d67f\"},\"headline\":\"Tanul\u00f3i aktivit\u00e1s \u00e9s auton\u00f3mia a dublini IB konferenci\u00e1n\",\"datePublished\":\"2023-10-10T08:05:38+00:00\",\"dateModified\":\"2023-12-19T16:47:33+00:00\",\"mainEntityOfPage\":{\"@id\":\"https:\\\/\\\/isd.debrecen.hu\\\/hu\\\/tanuloi-aktivitas-es-autonomia\\\/\"},\"wordCount\":423,\"publisher\":{\"@id\":\"https:\\\/\\\/isd.debrecen.hu\\\/hu\\\/#organization\"},\"image\":{\"@id\":\"https:\\\/\\\/isd.debrecen.hu\\\/hu\\\/tanuloi-aktivitas-es-autonomia\\\/#primaryimage\"},\"thumbnailUrl\":\"https:\\\/\\\/isd.debrecen.hu\\\/wp-content\\\/uploads\\\/2023\\\/10\\\/molly-742x1024-1.jpeg\",\"articleSection\":[\"Gimn\u00e1zium\",\"K\u00f6z\u00e9piskola\"],\"inLanguage\":\"hu\"},{\"@type\":\"WebPage\",\"@id\":\"https:\\\/\\\/isd.debrecen.hu\\\/hu\\\/tanuloi-aktivitas-es-autonomia\\\/\",\"url\":\"https:\\\/\\\/isd.debrecen.hu\\\/hu\\\/tanuloi-aktivitas-es-autonomia\\\/\",\"name\":\"Tanul\u00f3i aktivit\u00e1s \u00e9s auton\u00f3mia a dublini IB konferenci\u00e1n &#8212; ISD\",\"isPartOf\":{\"@id\":\"https:\\\/\\\/isd.debrecen.hu\\\/hu\\\/#website\"},\"primaryImageOfPage\":{\"@id\":\"https:\\\/\\\/isd.debrecen.hu\\\/hu\\\/tanuloi-aktivitas-es-autonomia\\\/#primaryimage\"},\"image\":{\"@id\":\"https:\\\/\\\/isd.debrecen.hu\\\/hu\\\/tanuloi-aktivitas-es-autonomia\\\/#primaryimage\"},\"thumbnailUrl\":\"https:\\\/\\\/isd.debrecen.hu\\\/wp-content\\\/uploads\\\/2023\\\/10\\\/molly-742x1024-1.jpeg\",\"datePublished\":\"2023-10-10T08:05:38+00:00\",\"dateModified\":\"2023-12-19T16:47:33+00:00\",\"inLanguage\":\"hu\",\"potentialAction\":[{\"@type\":\"ReadAction\",\"target\":[\"https:\\\/\\\/isd.debrecen.hu\\\/hu\\\/tanuloi-aktivitas-es-autonomia\\\/\"]}]},{\"@type\":\"ImageObject\",\"inLanguage\":\"hu\",\"@id\":\"https:\\\/\\\/isd.debrecen.hu\\\/hu\\\/tanuloi-aktivitas-es-autonomia\\\/#primaryimage\",\"url\":\"https:\\\/\\\/isd.debrecen.hu\\\/wp-content\\\/uploads\\\/2023\\\/10\\\/molly-742x1024-1.jpeg\",\"contentUrl\":\"https:\\\/\\\/isd.debrecen.hu\\\/wp-content\\\/uploads\\\/2023\\\/10\\\/molly-742x1024-1.jpeg\",\"width\":742,\"height\":1024},{\"@type\":\"WebSite\",\"@id\":\"https:\\\/\\\/isd.debrecen.hu\\\/hu\\\/#website\",\"url\":\"https:\\\/\\\/isd.debrecen.hu\\\/hu\\\/\",\"name\":\"ISD\",\"description\":\"\",\"publisher\":{\"@id\":\"https:\\\/\\\/isd.debrecen.hu\\\/hu\\\/#organization\"},\"potentialAction\":[{\"@type\":\"SearchAction\",\"target\":{\"@type\":\"EntryPoint\",\"urlTemplate\":\"https:\\\/\\\/isd.debrecen.hu\\\/hu\\\/?s={search_term_string}\"},\"query-input\":{\"@type\":\"PropertyValueSpecification\",\"valueRequired\":true,\"valueName\":\"search_term_string\"}}],\"inLanguage\":\"hu\"},{\"@type\":\"Organization\",\"@id\":\"https:\\\/\\\/isd.debrecen.hu\\\/hu\\\/#organization\",\"name\":\"ISD\",\"url\":\"https:\\\/\\\/isd.debrecen.hu\\\/hu\\\/\",\"logo\":{\"@type\":\"ImageObject\",\"inLanguage\":\"hu\",\"@id\":\"https:\\\/\\\/isd.debrecen.hu\\\/hu\\\/#\\\/schema\\\/logo\\\/image\\\/\",\"url\":\"https:\\\/\\\/isd.debrecen.hu\\\/wp-content\\\/uploads\\\/2023\\\/06\\\/isd-logo.svg\",\"contentUrl\":\"https:\\\/\\\/isd.debrecen.hu\\\/wp-content\\\/uploads\\\/2023\\\/06\\\/isd-logo.svg\",\"width\":1,\"height\":1,\"caption\":\"ISD\"},\"image\":{\"@id\":\"https:\\\/\\\/isd.debrecen.hu\\\/hu\\\/#\\\/schema\\\/logo\\\/image\\\/\"},\"sameAs\":[\"https:\\\/\\\/www.facebook.com\\\/internationalschoolofdebrecen\\\/\"]},{\"@type\":\"Person\",\"@id\":\"https:\\\/\\\/isd.debrecen.hu\\\/hu\\\/#\\\/schema\\\/person\\\/ef53f2a82a8d46366d060bc23095d67f\",\"name\":\"ISD\"}]}<\/script>\n<!-- \/ Yoast SEO plugin. -->","yoast_head_json":{"title":"Tanul\u00f3i aktivit\u00e1s \u00e9s auton\u00f3mia a dublini IB konferenci\u00e1n &#8212; ISD","robots":{"index":"index","follow":"follow","max-snippet":"max-snippet:-1","max-image-preview":"max-image-preview:large","max-video-preview":"max-video-preview:-1"},"canonical":"https:\/\/isd.debrecen.hu\/hu\/tanuloi-aktivitas-es-autonomia\/","og_locale":"hu_HU","og_type":"article","og_title":"Tanul\u00f3i aktivit\u00e1s \u00e9s auton\u00f3mia a dublini IB konferenci\u00e1n &#8212; ISD","og_description":"[vc_row type=&#8221;in_container&#8221; full_screen_row_position=&#8221;middle&#8221; column_margin=&#8221;default&#8221; column_direction=&#8221;default&#8221; column_direction_tablet=&#8221;default&#8221; column_direction_phone=&#8221;default&#8221; scene_position=&#8221;center&#8221; text_color=&#8221;dark&#8221; text_align=&#8221;left&#8221; row_border_radius=&#8221;none&#8221; row_border_radius_applies=&#8221;bg&#8221; overlay_strength=&#8221;0.3&#8243; gradient_direction=&#8221;left_to_right&#8221; shape_divider_position=&#8221;bottom&#8221; bg_image_animation=&#8221;none&#8221;][vc_column column_padding=&#8221;no-extra-padding&#8221; column_padding_tablet=&#8221;inherit&#8221; column_padding_phone=&#8221;inherit&#8221; column_padding_position=&#8221;all&#8221; column_element_spacing=&#8221;default&#8221; background_color_opacity=&#8221;1&#8243; background_hover_color_opacity=&#8221;1&#8243; column_shadow=&#8221;none&#8221; column_border_radius=&#8221;none&#8221; column_link_target=&#8221;_self&#8221; gradient_direction=&#8221;left_to_right&#8221; overlay_strength=&#8221;0.3&#8243; width=&#8221;1\/1&#8243; tablet_width_inherit=&#8221;default&#8221;...","og_url":"https:\/\/isd.debrecen.hu\/hu\/tanuloi-aktivitas-es-autonomia\/","og_site_name":"ISD","article_publisher":"https:\/\/www.facebook.com\/internationalschoolofdebrecen\/","article_published_time":"2023-10-10T08:05:38+00:00","article_modified_time":"2023-12-19T16:47:33+00:00","og_image":[{"width":742,"height":1024,"url":"https:\/\/isd.debrecen.hu\/wp-content\/uploads\/2023\/10\/molly-742x1024-1.jpeg","type":"image\/jpeg"}],"author":"ISD","twitter_misc":{"Szerz\u0151:":"ISD","Becs\u00fclt olvas\u00e1si id\u0151":"2 perc"},"schema":{"@context":"https:\/\/schema.org","@graph":[{"@type":"Article","@id":"https:\/\/isd.debrecen.hu\/hu\/tanuloi-aktivitas-es-autonomia\/#article","isPartOf":{"@id":"https:\/\/isd.debrecen.hu\/hu\/tanuloi-aktivitas-es-autonomia\/"},"author":{"name":"ISD","@id":"https:\/\/isd.debrecen.hu\/hu\/#\/schema\/person\/ef53f2a82a8d46366d060bc23095d67f"},"headline":"Tanul\u00f3i aktivit\u00e1s \u00e9s auton\u00f3mia a dublini IB konferenci\u00e1n","datePublished":"2023-10-10T08:05:38+00:00","dateModified":"2023-12-19T16:47:33+00:00","mainEntityOfPage":{"@id":"https:\/\/isd.debrecen.hu\/hu\/tanuloi-aktivitas-es-autonomia\/"},"wordCount":423,"publisher":{"@id":"https:\/\/isd.debrecen.hu\/hu\/#organization"},"image":{"@id":"https:\/\/isd.debrecen.hu\/hu\/tanuloi-aktivitas-es-autonomia\/#primaryimage"},"thumbnailUrl":"https:\/\/isd.debrecen.hu\/wp-content\/uploads\/2023\/10\/molly-742x1024-1.jpeg","articleSection":["Gimn\u00e1zium","K\u00f6z\u00e9piskola"],"inLanguage":"hu"},{"@type":"WebPage","@id":"https:\/\/isd.debrecen.hu\/hu\/tanuloi-aktivitas-es-autonomia\/","url":"https:\/\/isd.debrecen.hu\/hu\/tanuloi-aktivitas-es-autonomia\/","name":"Tanul\u00f3i aktivit\u00e1s \u00e9s auton\u00f3mia a dublini IB konferenci\u00e1n &#8212; ISD","isPartOf":{"@id":"https:\/\/isd.debrecen.hu\/hu\/#website"},"primaryImageOfPage":{"@id":"https:\/\/isd.debrecen.hu\/hu\/tanuloi-aktivitas-es-autonomia\/#primaryimage"},"image":{"@id":"https:\/\/isd.debrecen.hu\/hu\/tanuloi-aktivitas-es-autonomia\/#primaryimage"},"thumbnailUrl":"https:\/\/isd.debrecen.hu\/wp-content\/uploads\/2023\/10\/molly-742x1024-1.jpeg","datePublished":"2023-10-10T08:05:38+00:00","dateModified":"2023-12-19T16:47:33+00:00","inLanguage":"hu","potentialAction":[{"@type":"ReadAction","target":["https:\/\/isd.debrecen.hu\/hu\/tanuloi-aktivitas-es-autonomia\/"]}]},{"@type":"ImageObject","inLanguage":"hu","@id":"https:\/\/isd.debrecen.hu\/hu\/tanuloi-aktivitas-es-autonomia\/#primaryimage","url":"https:\/\/isd.debrecen.hu\/wp-content\/uploads\/2023\/10\/molly-742x1024-1.jpeg","contentUrl":"https:\/\/isd.debrecen.hu\/wp-content\/uploads\/2023\/10\/molly-742x1024-1.jpeg","width":742,"height":1024},{"@type":"WebSite","@id":"https:\/\/isd.debrecen.hu\/hu\/#website","url":"https:\/\/isd.debrecen.hu\/hu\/","name":"ISD","description":"","publisher":{"@id":"https:\/\/isd.debrecen.hu\/hu\/#organization"},"potentialAction":[{"@type":"SearchAction","target":{"@type":"EntryPoint","urlTemplate":"https:\/\/isd.debrecen.hu\/hu\/?s={search_term_string}"},"query-input":{"@type":"PropertyValueSpecification","valueRequired":true,"valueName":"search_term_string"}}],"inLanguage":"hu"},{"@type":"Organization","@id":"https:\/\/isd.debrecen.hu\/hu\/#organization","name":"ISD","url":"https:\/\/isd.debrecen.hu\/hu\/","logo":{"@type":"ImageObject","inLanguage":"hu","@id":"https:\/\/isd.debrecen.hu\/hu\/#\/schema\/logo\/image\/","url":"https:\/\/isd.debrecen.hu\/wp-content\/uploads\/2023\/06\/isd-logo.svg","contentUrl":"https:\/\/isd.debrecen.hu\/wp-content\/uploads\/2023\/06\/isd-logo.svg","width":1,"height":1,"caption":"ISD"},"image":{"@id":"https:\/\/isd.debrecen.hu\/hu\/#\/schema\/logo\/image\/"},"sameAs":["https:\/\/www.facebook.com\/internationalschoolofdebrecen\/"]},{"@type":"Person","@id":"https:\/\/isd.debrecen.hu\/hu\/#\/schema\/person\/ef53f2a82a8d46366d060bc23095d67f","name":"ISD"}]}},"_links":{"self":[{"href":"https:\/\/isd.debrecen.hu\/hu\/wp-json\/wp\/v2\/posts\/12841","targetHints":{"allow":["GET"]}}],"collection":[{"href":"https:\/\/isd.debrecen.hu\/hu\/wp-json\/wp\/v2\/posts"}],"about":[{"href":"https:\/\/isd.debrecen.hu\/hu\/wp-json\/wp\/v2\/types\/post"}],"author":[{"embeddable":true,"href":"https:\/\/isd.debrecen.hu\/hu\/wp-json\/wp\/v2\/users\/2"}],"replies":[{"embeddable":true,"href":"https:\/\/isd.debrecen.hu\/hu\/wp-json\/wp\/v2\/comments?post=12841"}],"version-history":[{"count":3,"href":"https:\/\/isd.debrecen.hu\/hu\/wp-json\/wp\/v2\/posts\/12841\/revisions"}],"predecessor-version":[{"id":12844,"href":"https:\/\/isd.debrecen.hu\/hu\/wp-json\/wp\/v2\/posts\/12841\/revisions\/12844"}],"wp:featuredmedia":[{"embeddable":true,"href":"https:\/\/isd.debrecen.hu\/hu\/wp-json\/wp\/v2\/media\/11191"}],"wp:attachment":[{"href":"https:\/\/isd.debrecen.hu\/hu\/wp-json\/wp\/v2\/media?parent=12841"}],"wp:term":[{"taxonomy":"category","embeddable":true,"href":"https:\/\/isd.debrecen.hu\/hu\/wp-json\/wp\/v2\/categories?post=12841"},{"taxonomy":"post_tag","embeddable":true,"href":"https:\/\/isd.debrecen.hu\/hu\/wp-json\/wp\/v2\/tags?post=12841"}],"curies":[{"name":"wp","href":"https:\/\/api.w.org\/{rel}","templated":true}]}}